{"id":5550,"date":"2022-09-12T21:36:47","date_gmt":"2022-09-12T18:36:47","guid":{"rendered":"https:\/\/trip.ayy.fi\/wordpress\/?p=5550"},"modified":"2024-06-02T17:24:39","modified_gmt":"2024-06-02T14:24:39","slug":"save-the-date-vuosijuhlat-tulevat-5-11-2022","status":"publish","type":"post","link":"https:\/\/teekkaripurjehtijat.fi\/wordpress\/?p=5550","title":{"rendered":"Save the date &#8211; Vuosijuhlat tulevat 5.11.2022!"},"content":{"rendered":"<p><strong>Reistaava per\u00e4sin ja repaleiset purjeet &#8211; tervetuloa rappioromantiikan kyll\u00e4st\u00e4miin 70+1 -vuosijuhliin!<\/strong><\/p>\n<p>Aika rient\u00e4\u00e4 hyv\u00e4ss\u00e4 purjehdusseurassa; Teekkaripurjehtijat ry perustettiin t\u00e4p\u00e4r\u00e4sti ennen kaikkea muuta olympiahulinaa eli jo vuonna 1951 &#8211; yli 70 vuotta sitten! Pandemian takia lykk\u00e4simme t\u00e4m\u00e4nkertaisia juhlallisuuksia hieman, mutta nyt on aika kohottaa muovimukit 70+1-vuotiaan purjehdusseuramme kunniaksi &#x2728;&#x1f37b;<\/p>\n<p>&#x2757;Seuraa uutisia, ja tarkista <a href=\"https:\/\/teekkaripurjehtijat.fi\/wordpress\/?page_id=5548\">lis\u00e4tiedot Vuosijuhlasivuilta<\/a> &#x2728; Ilmoittautumislomake l\u00f6ytyy niinik\u00e4\u00e4n Vuosijuhlasivulta tai <a href=\"https:\/\/docs.google.com\/forms\/d\/e\/1FAIpQLSd23uQALFd5kAPetMZpKjkOV7x0of9IxotOZTSXf6mVp13cWA\/viewform?usp=sf_link\">t\u00e4st\u00e4 ilmoittautumislinkist\u00e4<\/a>. Paikkoja on rajoitetusti, mutta reilusti &#8211; ei siis paniikkia vaikka et minuutilleen olisikaan teknologian tavoitettavissa. Ilmoittautuminen sulkeutuu kahta viikkoa ennen tapahtumaa.<\/p>\n","protected":false},"excerpt":{"rendered":"<p>Reistaava per\u00e4sin ja repaleiset purjeet &#8211; tervetuloa rappioromantiikan kyll\u00e4st\u00e4miin 70+1 -vuosijuhliin! Aika rient\u00e4\u00e4 hyv\u00e4ss\u00e4 purjehdusseurassa; Teekkaripurjehtijat ry perustettiin t\u00e4p\u00e4r\u00e4sti ennen kaikkea muuta olympiahulinaa eli jo vuonna 1951 &#8211; yli 70 vuotta sitten! Pandemian takia lykk\u00e4simme t\u00e4m\u00e4nkertaisia juhlallisuuksia hieman, mutta nyt on aika kohottaa muovimukit 70+1-vuotiaan purjehdusseuramme kunniaksi &#x2728;&#x1f37b; &#x2757;Seuraa uutisia, &hellip;<\/p>\n","protected":false},"author":1,"featured_media":0,"comment_status":"closed","ping_status":"closed","sticky":false,"template":"","format":"standard","meta":{"footnotes":""},"categories":[1],"tags":[],"_links":{"self":[{"href":"https:\/\/teekkaripurjehtijat.fi\/wordpress\/index.php?rest_route=\/wp\/v2\/posts\/5550"}],"collection":[{"href":"https:\/\/teekkaripurjehtijat.fi\/wordpress\/index.php?rest_route=\/wp\/v2\/posts"}],"about":[{"href":"https:\/\/teekkaripurjehtijat.fi\/wordpress\/index.php?rest_route=\/wp\/v2\/types\/post"}],"author":[{"embeddable":true,"href":"https:\/\/teekkaripurjehtijat.fi\/wordpress\/index.php?rest_route=\/wp\/v2\/users\/1"}],"replies":[{"embeddable":true,"href":"https:\/\/teekkaripurjehtijat.fi\/wordpress\/index.php?rest_route=%2Fwp%2Fv2%2Fcomments&post=5550"}],"version-history":[{"count":7,"href":"https:\/\/teekkaripurjehtijat.fi\/wordpress\/index.php?rest_route=\/wp\/v2\/posts\/5550\/revisions"}],"predecessor-version":[{"id":5664,"href":"https:\/\/teekkaripurjehtijat.fi\/wordpress\/index.php?rest_route=\/wp\/v2\/posts\/5550\/revisions\/5664"}],"wp:attachment":[{"href":"https:\/\/teekkaripurjehtijat.fi\/wordpress\/index.php?rest_route=%2Fwp%2Fv2%2Fmedia&parent=5550"}],"wp:term":[{"taxonomy":"category","embeddable":true,"href":"https:\/\/teekkaripurjehtijat.fi\/wordpress\/index.php?rest_route=%2Fwp%2Fv2%2Fcategories&post=5550"},{"taxonomy":"post_tag","embeddable":true,"href":"https:\/\/teekkaripurjehtijat.fi\/wordpress\/index.php?rest_route=%2Fwp%2Fv2%2Ftags&post=5550"}],"curies":[{"name":"wp","href":"https:\/\/api.w.org\/{rel}","templated":true}]}}