{"id":5328,"date":"2022-02-16T16:25:27","date_gmt":"2022-02-16T14:25:27","guid":{"rendered":"https:\/\/trip.ayy.fi\/wordpress\/?p=5328"},"modified":"2022-02-16T16:25:27","modified_gmt":"2022-02-16T14:25:27","slug":"talvipaivat-19-2-winter-days-19-2","status":"publish","type":"post","link":"https:\/\/teekkaripurjehtijat.fi\/wordpress\/?p=5328","title":{"rendered":"Talvip\u00e4iv\u00e4t 19.2. \/ Winter Days 19.2."},"content":{"rendered":"<p>In English below!<\/p>\n<p>Talvip\u00e4iv\u00e4t pidet\u00e4\u00e4n t\u00e4n\u00e4 vuonna poikkeuksellisesti yksip\u00e4iv\u00e4isen\u00e4 ulkoilmatapahtumana lauantaina 19.2. P\u00e4iv\u00e4 alkaa klo 15 Westendin alpeilla m\u00e4enlaskun ja ulkopelien merkeiss\u00e4. Omat m\u00e4enlaskuv\u00e4lineet voi halutessaan ottaa mukaan. TRIPill\u00e4 on my\u00f6s kolme pulkkaa. Mik\u00e4li s\u00e4\u00e4 tai lumitilanne ei ole suotuisa, niin m\u00e4enlasku peruuntuu.<\/p>\n<p>Ulkoilun j\u00e4lkeen siirryt\u00e4\u00e4n Otaniemeen saunomaan Ossinsaunalle klo 18 alkaen. Saunalla on luvassa my\u00f6s pient\u00e4 purtavaa. Otathan oman pyyhkeen ja juomat mukaan.<\/p>\n<p>Ilmoittaudu mukaan oheisella lomakkeella.<br \/>\n<a href=\"https:\/\/forms.gle\/wDg4sdwHFeax8FTv5\">https:\/\/forms.gle\/wDg4sdwHFeax8FTv5<\/a><\/p>\n<p>Lis\u00e4tietoja:<\/p>\n<p>Karri P\u00f6nni<br \/>\nTapahtumavastaava | Head of Events<br \/>\n+358 503725538 | <a href=\"mailto:karri.ponni@teekkaripurjehtijat.fi\">karri.ponni@teekkaripurjehtijat.fi<\/a><br \/>\nTeekkaripurjehtijat ry<\/p>\n<p>&nbsp;<\/p>\n<p>The Winter Days will be held this year as an exceptionally one-day outdoor event on Saturday 19.2. The day starts at 3 pm in the Westend Alps with sledding and outdoor games. You can bring your own sleds if you wish. TRIP also has three sleds. If the weather or snow situation is not favourable, the outdoor activities will be cancelled.<\/p>\n<p>After the outdoor activities, we will go to Ossinsauna in Otaniemi starting from 6 pm. Snacks are also provided at the sauna. Please bring your own towel and drinks.<\/p>\n<p>Register using the form below.<br \/>\n<a href=\"https:\/\/forms.gle\/wDg4sdwHFeax8FTv5\">https:\/\/forms.gle\/wDg4sdwHFeax8FTv5<\/a><\/p>\n<p>More info:<\/p>\n<p>Karri P\u00f6nni<br \/>\nTapahtumavastaava | Head of Events<br \/>\n+358 503725538 | <a href=\"mailto:karri.ponni@teekkaripurjehtijat.fi\">karri.ponni@teekkaripurjehtijat.fi<\/a><br \/>\nTeekkaripurjehtijat ry<\/p>\n","protected":false},"excerpt":{"rendered":"<p>In English below! Talvip\u00e4iv\u00e4t pidet\u00e4\u00e4n t\u00e4n\u00e4 vuonna poikkeuksellisesti yksip\u00e4iv\u00e4isen\u00e4 ulkoilmatapahtumana lauantaina 19.2. P\u00e4iv\u00e4 alkaa klo 15 Westendin alpeilla m\u00e4enlaskun ja ulkopelien merkeiss\u00e4. Omat m\u00e4enlaskuv\u00e4lineet voi halutessaan ottaa mukaan. TRIPill\u00e4 on my\u00f6s kolme pulkkaa. Mik\u00e4li s\u00e4\u00e4 tai lumitilanne ei ole suotuisa, niin m\u00e4enlasku peruuntuu. Ulkoilun j\u00e4lkeen siirryt\u00e4\u00e4n Otaniemeen saunomaan Ossinsaunalle klo &hellip;<\/p>\n","protected":false},"author":1,"featured_media":0,"comment_status":"closed","ping_status":"closed","sticky":false,"template":"","format":"standard","meta":{"footnotes":""},"categories":[1],"tags":[],"_links":{"self":[{"href":"https:\/\/teekkaripurjehtijat.fi\/wordpress\/index.php?rest_route=\/wp\/v2\/posts\/5328"}],"collection":[{"href":"https:\/\/teekkaripurjehtijat.fi\/wordpress\/index.php?rest_route=\/wp\/v2\/posts"}],"about":[{"href":"https:\/\/teekkaripurjehtijat.fi\/wordpress\/index.php?rest_route=\/wp\/v2\/types\/post"}],"author":[{"embeddable":true,"href":"https:\/\/teekkaripurjehtijat.fi\/wordpress\/index.php?rest_route=\/wp\/v2\/users\/1"}],"replies":[{"embeddable":true,"href":"https:\/\/teekkaripurjehtijat.fi\/wordpress\/index.php?rest_route=%2Fwp%2Fv2%2Fcomments&post=5328"}],"version-history":[{"count":2,"href":"https:\/\/teekkaripurjehtijat.fi\/wordpress\/index.php?rest_route=\/wp\/v2\/posts\/5328\/revisions"}],"predecessor-version":[{"id":5330,"href":"https:\/\/teekkaripurjehtijat.fi\/wordpress\/index.php?rest_route=\/wp\/v2\/posts\/5328\/revisions\/5330"}],"wp:attachment":[{"href":"https:\/\/teekkaripurjehtijat.fi\/wordpress\/index.php?rest_route=%2Fwp%2Fv2%2Fmedia&parent=5328"}],"wp:term":[{"taxonomy":"category","embeddable":true,"href":"https:\/\/teekkaripurjehtijat.fi\/wordpress\/index.php?rest_route=%2Fwp%2Fv2%2Fcategories&post=5328"},{"taxonomy":"post_tag","embeddable":true,"href":"https:\/\/teekkaripurjehtijat.fi\/wordpress\/index.php?rest_route=%2Fwp%2Fv2%2Ftags&post=5328"}],"curies":[{"name":"wp","href":"https:\/\/api.w.org\/{rel}","templated":true}]}}